{"id":13351,"date":"2022-07-29T16:07:12","date_gmt":"2022-07-29T14:07:12","guid":{"rendered":"https:\/\/www.neukoellneroper.de\/?p=13351"},"modified":"2022-07-29T16:07:12","modified_gmt":"2022-07-29T14:07:12","slug":"die-volkslied-3000-jury-hat-entschieden","status":"publish","type":"post","link":"https:\/\/www.neukoellneroper.de\/en\/die-volkslied-3000-jury-hat-entschieden\/","title":{"rendered":"The Volkslied 3000-Jury Made it&#8217;s decision&#8230;"},"content":{"rendered":"\n<p>\u2026 about the winners of the composition competition, who can be heard live at the Kommen und Gehen Festival in G\u00f6rlitz on August 21 and at VOLKSLIED 3000. Das Konzert on September 3, alongside commissioned compositions by Max Prosa &amp; Alin Coen, Die Grenzg\u00e4nger, Jo\u00e3o Oreccia and Tonia Reeh.<\/p>\n\n\n\n<p>We congratulate the following prize winners for the musical settings of the texts generated by the artificial intelligence GPT3 (in no particular order)<\/p>\n\n\n\n<p>Johannes Wester: &#8220;Stars<br>Anton Israel: &#8220;Time to flee&#8221;.<br>Pony Pracht: &#8220;And I know&#8221;.<br>Migati: &#8220;Generate little text, please&#8221;.<br>Rosenroth: &#8220;Time of silence&#8221;<\/p>\n\n\n\n<p>as well as the special prize winner<\/p>\n\n\n\n<p>Anne Munka: &#8220;Nazis out!&#8221;<\/p>\n\n\n\n<div class=\"wp-block-media-text alignwide is-stacked-on-mobile has-8777-b-2-background-color has-background\"><figure class=\"wp-block-media-text__media\"><img width=\"1100\" height=\"660\" loading=\"lazy\"src=\"https:\/\/www.neukoellneroper.de\/wp-content\/uploads\/2022\/07\/220518_AI7-1100x660.png\" alt=\"\" class=\"wp-image-13337 size-full landscape\" srcset=\"https:\/\/www.neukoellneroper.de\/wp-content\/uploads\/2022\/07\/220518_AI7-1100x660.png 1100w, https:\/\/www.neukoellneroper.de\/wp-content\/uploads\/2022\/07\/220518_AI7-768x461.png 768w, https:\/\/www.neukoellneroper.de\/wp-content\/uploads\/2022\/07\/220518_AI7-50x30.png 50w, https:\/\/www.neukoellneroper.de\/wp-content\/uploads\/2022\/07\/220518_AI7.png 1280w\" sizes=\"auto, (max-width: 1100px) 100vw, 1100px\" \/><\/figure><div class=\"wp-block-media-text__content\">\n<h2 class=\"wp-block-heading\">VOLKSLIED 3000 &#8211; Das Konzert<\/h2>\n\n\n\n<p><strong>3 September 2022, 8 pm<\/strong><\/p>\n\n\n\n<p>Presentation of winning songs and the commissioned works by Max Prosa &amp; Alin Coen, Die Grenzg\u00e4nger, Jo\u00e3o Oreccia und Tonia Reeh at Neuk\u00f6llner Oper<\/p>\n\n\n\n<div class=\"wp-block-buttons is-layout-flex wp-block-buttons-is-layout-flex\">\n<div class=\"wp-block-button\"><a class=\"wp-block-button__link has-00-aa-4-f-background-color has-background\" href=\"https:\/\/www.neukoellneroper.de\/en\/performance\/volkslied-3000-the-concert\/\">Learn More<\/a><\/div>\n<\/div>\n<\/div><\/div>\n","protected":false},"excerpt":{"rendered":"<p>\u2026 about the winners of the composition competition, who can be heard live at the Kommen und Gehen Festival in G\u00f6rlitz on August 21 and at VOLKSLIED 3000. Das Konzert on September 3, alongside commissioned compositions by Max Prosa &amp; Alin Coen, Die Grenzg\u00e4nger, Jo\u00e3o Oreccia and Tonia Reeh. We congratulate the following prize winners [&hellip;]<\/p>\n","protected":false},"author":14,"featured_media":13336,"comment_status":"closed","ping_status":"open","sticky":false,"template":"","format":"standard","meta":{"_locale":"en_US","_original_post":"https:\/\/www.neukoellneroper.de\/?p=13344","_post_author":"","_pinkie_id":13336,"footnotes":""},"categories":[1],"tags":[],"class_list":["post-13351","post","type-post","status-publish","format-standard","has-post-thumbnail","hentry","category-allgemein","en-US"],"_links":{"self":[{"href":"https:\/\/www.neukoellneroper.de\/wp-json\/wp\/v2\/posts\/13351","targetHints":{"allow":["GET"]}}],"collection":[{"href":"https:\/\/www.neukoellneroper.de\/wp-json\/wp\/v2\/posts"}],"about":[{"href":"https:\/\/www.neukoellneroper.de\/wp-json\/wp\/v2\/types\/post"}],"author":[{"embeddable":true,"href":"https:\/\/www.neukoellneroper.de\/wp-json\/wp\/v2\/users\/14"}],"replies":[{"embeddable":true,"href":"https:\/\/www.neukoellneroper.de\/wp-json\/wp\/v2\/comments?post=13351"}],"version-history":[{"count":2,"href":"https:\/\/www.neukoellneroper.de\/wp-json\/wp\/v2\/posts\/13351\/revisions"}],"predecessor-version":[{"id":13355,"href":"https:\/\/www.neukoellneroper.de\/wp-json\/wp\/v2\/posts\/13351\/revisions\/13355"}],"wp:featuredmedia":[{"embeddable":true,"href":"https:\/\/www.neukoellneroper.de\/wp-json\/wp\/v2\/media\/13336"}],"wp:attachment":[{"href":"https:\/\/www.neukoellneroper.de\/wp-json\/wp\/v2\/media?parent=13351"}],"wp:term":[{"taxonomy":"category","embeddable":true,"href":"https:\/\/www.neukoellneroper.de\/wp-json\/wp\/v2\/categories?post=13351"},{"taxonomy":"post_tag","embeddable":true,"href":"https:\/\/www.neukoellneroper.de\/wp-json\/wp\/v2\/tags?post=13351"}],"curies":[{"name":"wp","href":"https:\/\/api.w.org\/{rel}","templated":true}]}}