{"id":13532,"date":"2022-09-01T15:09:50","date_gmt":"2022-09-01T13:09:50","guid":{"rendered":"https:\/\/www.neukoellneroper.de\/?p=13532"},"modified":"2022-09-01T15:10:13","modified_gmt":"2022-09-01T13:10:13","slug":"ki-poesie-und-menschliche-klaenge","status":"publish","type":"post","link":"https:\/\/www.neukoellneroper.de\/en\/ki-poesie-und-menschliche-klaenge\/","title":{"rendered":"AI-Poetry and Human Sounds"},"content":{"rendered":"\n<p>A little taste of <a href=\"https:\/\/www.neukoellneroper.de\/performance\/volkslied-3000-das-konzert\/\" data-type=\"play\" data-id=\"13034\">Volkslied 3000. The Concert<\/a> by Alin Coen and Max Prosa and &#8220;Vergiss mich nicht&#8221;, their song based on AI-generated lyrics:<\/p>\n\n\n\n<figure class=\"wp-block-embed is-type-video is-provider-youtube wp-block-embed-youtube wp-embed-aspect-16-9 wp-has-aspect-ratio\"><div class=\"wp-block-embed__wrapper\">\n<iframe loading=\"lazy\" title=\"Max Prosa &amp; Alin Coen: Vergiss mich nicht | Volkslied 3000\" width=\"1680\" height=\"945\" src=\"https:\/\/www.youtube.com\/embed\/RQT7nVWxok0?feature=oembed\" frameborder=\"0\" allow=\"accelerometer; autoplay; clipboard-write; encrypted-media; gyroscope; picture-in-picture\" allowfullscreen><\/iframe><section class=\"cookie-wall\"><h2 class=\"widget-title\">Here you will find content from an external source.<\/h2>\t\t\t<div class=\"textwidget\"><p>This website uses cookies &#8211; you can find more information about this and your rights as a user in our <a href=\"\/en\/datenschutz\/\">privacy policy<\/a> at the end of the page. Click on &#8220;I agree&#8221; to accept cookies and visit our website directly.<\/p>\n<p><a class=\"wp-block-button__link\" href=\"#CCM.openWidget\">Cookies bearbeiten<\/a><\/p>\n<p>&nbsp;<\/p>\n<\/div>\n\t\t<\/section>\n<\/div><\/figure>\n\n\n\n<div class=\"wp-block-media-text alignwide is-stacked-on-mobile has-8777-b-2-background-color has-background\"><figure class=\"wp-block-media-text__media\"><img width=\"1100\" height=\"660\" loading=\"lazy\"src=\"https:\/\/www.neukoellneroper.de\/wp-content\/uploads\/2022\/07\/220518_AI7-1100x660.png\" alt=\"\" class=\"wp-image-13337 size-full landscape\" srcset=\"https:\/\/www.neukoellneroper.de\/wp-content\/uploads\/2022\/07\/220518_AI7-1100x660.png 1100w, https:\/\/www.neukoellneroper.de\/wp-content\/uploads\/2022\/07\/220518_AI7-768x461.png 768w, https:\/\/www.neukoellneroper.de\/wp-content\/uploads\/2022\/07\/220518_AI7-50x30.png 50w, https:\/\/www.neukoellneroper.de\/wp-content\/uploads\/2022\/07\/220518_AI7.png 1280w\" sizes=\"auto, (max-width: 1100px) 100vw, 1100px\" \/><\/figure><div class=\"wp-block-media-text__content\">\n<h2 class=\"wp-block-heading\">VOLKSLIED 3000 &#8211; The Concert<\/h2>\n\n\n\n<p><strong>3 September 2022, 8 pm<\/strong><\/p>\n\n\n\n<p>Presentation of the awarded Songs and commissioned works by Max Prosa, Die Grenzg\u00e4nger, Jo\u00e3o Orecchia &amp; Tsepo Pooe featuring Adelle Nqeto and Tonia Reeh at Neuk\u00f6llner Oper<\/p>\n\n\n\n<div class=\"wp-block-buttons is-layout-flex wp-block-buttons-is-layout-flex\">\n<div class=\"wp-block-button\"><a class=\"wp-block-button__link has-00-aa-4-f-background-color has-background\">Mehr Erfahren<\/a><\/div>\n<\/div>\n<\/div><\/div>\n","protected":false},"excerpt":{"rendered":"<p>A little taste of Volkslied 3000. The Concert by Alin Coen and Max Prosa and &#8220;Vergiss mich nicht&#8221;, their song based on AI-generated lyrics:<\/p>\n","protected":false},"author":14,"featured_media":13526,"comment_status":"closed","ping_status":"open","sticky":false,"template":"","format":"standard","meta":{"_locale":"en_US","_original_post":"https:\/\/www.neukoellneroper.de\/?p=13522","_post_author":"","_pinkie_id":0,"footnotes":""},"categories":[1],"tags":[],"class_list":["post-13532","post","type-post","status-publish","format-standard","has-post-thumbnail","hentry","category-allgemein","en-US"],"_links":{"self":[{"href":"https:\/\/www.neukoellneroper.de\/wp-json\/wp\/v2\/posts\/13532","targetHints":{"allow":["GET"]}}],"collection":[{"href":"https:\/\/www.neukoellneroper.de\/wp-json\/wp\/v2\/posts"}],"about":[{"href":"https:\/\/www.neukoellneroper.de\/wp-json\/wp\/v2\/types\/post"}],"author":[{"embeddable":true,"href":"https:\/\/www.neukoellneroper.de\/wp-json\/wp\/v2\/users\/14"}],"replies":[{"embeddable":true,"href":"https:\/\/www.neukoellneroper.de\/wp-json\/wp\/v2\/comments?post=13532"}],"version-history":[{"count":3,"href":"https:\/\/www.neukoellneroper.de\/wp-json\/wp\/v2\/posts\/13532\/revisions"}],"predecessor-version":[{"id":13537,"href":"https:\/\/www.neukoellneroper.de\/wp-json\/wp\/v2\/posts\/13532\/revisions\/13537"}],"wp:featuredmedia":[{"embeddable":true,"href":"https:\/\/www.neukoellneroper.de\/wp-json\/wp\/v2\/media\/13526"}],"wp:attachment":[{"href":"https:\/\/www.neukoellneroper.de\/wp-json\/wp\/v2\/media?parent=13532"}],"wp:term":[{"taxonomy":"category","embeddable":true,"href":"https:\/\/www.neukoellneroper.de\/wp-json\/wp\/v2\/categories?post=13532"},{"taxonomy":"post_tag","embeddable":true,"href":"https:\/\/www.neukoellneroper.de\/wp-json\/wp\/v2\/tags?post=13532"}],"curies":[{"name":"wp","href":"https:\/\/api.w.org\/{rel}","templated":true}]}}