{"id":14935,"date":"2023-01-14T09:42:51","date_gmt":"2023-01-14T08:42:51","guid":{"rendered":"https:\/\/www.neukoellneroper.de\/?p=14935"},"modified":"2023-01-14T09:47:25","modified_gmt":"2023-01-14T08:47:25","slug":"christoph-stoelzl-zum-gedenken","status":"publish","type":"post","link":"https:\/\/www.neukoellneroper.de\/en\/christoph-stoelzl-zum-gedenken\/","title":{"rendered":"In Memory Of Christoph St\u00f6lzl"},"content":{"rendered":"\n<p>Christoph St\u00f6lzl was not only a versatile politician, art scholar, publicist, idea generator \u2026 but also a supporter and member of the Neuk\u00f6llner Oper. From 2007-2016, St\u00f6lzl was a member of the board of the Neuk\u00f6llner Oper&#8217;s supporting association, and from 2017 he was a member of the board of trustees.<\/p>\n\n\n\n<p>&#8220;What wonderful evenings we experienced with him,&#8221; remembers Bernhard Glocksin, Artistic Director of the house, &#8220;this agility and virtuosity of thought, this wit and charm in his speech, and what elegance, vitality and enthusiasm he radiated when he stood on stage with us as a moderator and let&#8217;s just say: emcee! One could also say: He embodied the most beautiful, versatile and creative sides of our theater&#8221;.<\/p>\n\n\n\n<p>This is how we mourn Christoph St\u00f6lzl, who passed away on January 10, 2023 at the age of 78.<\/p>\n\n\n\n<p>Board and Directorate of the Neuk\u00f6llner Oper<\/p>\n","protected":false},"excerpt":{"rendered":"<p>Christoph St\u00f6lzl was not only a versatile politician, art scholar, publicist, idea generator \u2026 but also a supporter and member of the Neuk\u00f6llner Oper. From 2007-2016, St\u00f6lzl was a member of the board of the Neuk\u00f6llner Oper&#8217;s supporting association, and from 2017 he was a member of the board of trustees. &#8220;What wonderful evenings we [&hellip;]<\/p>\n","protected":false},"author":14,"featured_media":14933,"comment_status":"closed","ping_status":"open","sticky":false,"template":"","format":"standard","meta":{"_locale":"en_US","_original_post":"https:\/\/www.neukoellneroper.de\/?p=14918","_post_author":"","_pinkie_id":14933,"footnotes":""},"categories":[1],"tags":[],"class_list":["post-14935","post","type-post","status-publish","format-standard","has-post-thumbnail","hentry","category-allgemein","en-US"],"_links":{"self":[{"href":"https:\/\/www.neukoellneroper.de\/wp-json\/wp\/v2\/posts\/14935","targetHints":{"allow":["GET"]}}],"collection":[{"href":"https:\/\/www.neukoellneroper.de\/wp-json\/wp\/v2\/posts"}],"about":[{"href":"https:\/\/www.neukoellneroper.de\/wp-json\/wp\/v2\/types\/post"}],"author":[{"embeddable":true,"href":"https:\/\/www.neukoellneroper.de\/wp-json\/wp\/v2\/users\/14"}],"replies":[{"embeddable":true,"href":"https:\/\/www.neukoellneroper.de\/wp-json\/wp\/v2\/comments?post=14935"}],"version-history":[{"count":2,"href":"https:\/\/www.neukoellneroper.de\/wp-json\/wp\/v2\/posts\/14935\/revisions"}],"predecessor-version":[{"id":14941,"href":"https:\/\/www.neukoellneroper.de\/wp-json\/wp\/v2\/posts\/14935\/revisions\/14941"}],"wp:featuredmedia":[{"embeddable":true,"href":"https:\/\/www.neukoellneroper.de\/wp-json\/wp\/v2\/media\/14933"}],"wp:attachment":[{"href":"https:\/\/www.neukoellneroper.de\/wp-json\/wp\/v2\/media?parent=14935"}],"wp:term":[{"taxonomy":"category","embeddable":true,"href":"https:\/\/www.neukoellneroper.de\/wp-json\/wp\/v2\/categories?post=14935"},{"taxonomy":"post_tag","embeddable":true,"href":"https:\/\/www.neukoellneroper.de\/wp-json\/wp\/v2\/tags?post=14935"}],"curies":[{"name":"wp","href":"https:\/\/api.w.org\/{rel}","templated":true}]}}