{"id":18560,"date":"2024-03-18T11:42:33","date_gmt":"2024-03-18T10:42:33","guid":{"rendered":"https:\/\/www.neukoellneroper.de\/?p=18560"},"modified":"2024-03-18T11:42:33","modified_gmt":"2024-03-18T10:42:33","slug":"love-park-neukoellner-oper-und-spreepark-artspace-feiern-ihre-zusammenarbeit","status":"publish","type":"post","link":"https:\/\/www.neukoellneroper.de\/en\/love-park-neukoellner-oper-und-spreepark-artspace-feiern-ihre-zusammenarbeit\/","title":{"rendered":"&#8220;Love Park&#8221; &#8211; Neuk\u00f6lln Opera and Spreepark Artspace celebrate their collaboration"},"content":{"rendered":"\n<p><strong>As part of the opening weekend of the Eierh\u00e4usch, we are delighted to honour the cooperation between Neuk\u00f6llner Oper and Spreepark Artspace after three years of successful collaboration with the concert &#8220;Love Park&#8221; on 24 March 2024, followed by a discussion with the artists.<\/strong><\/p>\n\n\n\n<p><strong>Start: 11 am<\/strong><\/p>\n\n\n\n<p><strong>Venue: Eierh\u00e4uschen<\/strong><\/p>\n\n\n\n<p>On 21 and 22 September, as part of the <a href=\"https:\/\/www.neukoellneroper.de\/performance\/wunderkammer-2\/\">WUNDERKAMMER series<\/a> &#8220;Im Prinzip Hoffnung&#8221;, a ship will sail to the Spreepark and explore ideas for a hopeful future in workshops with activists and the public at one of the most fascinating places for concrete utopias.<\/p>\n\n\n\n<p>In January 2025, we will return with the ensemble THE PRESENT and make the Eierh\u00e4uschen sing with the humorous musical theatre TV show persiflage &#8220;Der Preis ist Ei&#8221;. We are currently planning an exclusive egg menu for all visitors together with the catering company &#8220;Ei-12437-B&#8221;.<\/p>\n\n\n\n<p><strong>But first, the Egg House will open on the weekend of 22 March &#8211; 24 March 2024!<\/strong><\/p>\n\n\n\n<p>To this end, NKO and Spreepark Artspace have asked composer and bassist Franziska Aller to prepare a concert based on the music theatre production by Neuk\u00f6llner Oper and STEGREIF.orchester <a href=\"https:\/\/www.neukoellneroper.de\/performance\/das-lied-von-der-erde\/\">NEUE LIEDER VON DER ERDE<\/a> from 2022.<\/p>\n\n\n\n<p>Back then, Franziska Aller set poems by poet Sabine Scho to music, who was commissioned by the Neuk\u00f6llner Oper through a contact at Spreepark Artspace.<\/p>\n\n\n\n<p>On this opening weekend, some of the works will be premiered at the Neuk\u00f6llner Oper, including Franziska&#8217;s song to Sabine Scho&#8217;s text &#8220;Of New Beauty&#8221;, as well as a song by Sebastian Lange, which was arranged by Franziska Aller. We will also hear the world premi\u00e8re of further settings by Sabine Scho, some originally written for the Neuk\u00f6lln Opera, others written especially for the opening.<\/p>\n\n\n\n<p>Following the matinee, Bernhard Glocksin, Artistic Director of Neuk\u00f6llner Oper, and \u00c4nne-Marthe K\u00fchn, Dramaturgy Neuk\u00f6llner Oper, will talk to Katja Assmann and Franziska Aller about artistic collaborations, past projects and future plans.<\/p>\n","protected":false},"excerpt":{"rendered":"<p>As part of the opening weekend of the Eierh\u00e4usch, we are delighted to honour the cooperation between Neuk\u00f6llner Oper and Spreepark Artspace after three years of successful collaboration with the concert &#8220;Love Park&#8221; on 24 March 2024, followed by a discussion with the artists. Start: 11 am Venue: Eierh\u00e4uschen On 21 and 22 September, as [&hellip;]<\/p>\n","protected":false},"author":14,"featured_media":18558,"comment_status":"closed","ping_status":"open","sticky":false,"template":"","format":"standard","meta":{"_locale":"en_US","_original_post":"https:\/\/www.neukoellneroper.de\/?p=18552","_post_author":"\u00c4nne-Marthe K\u00fchn","_pinkie_id":0,"footnotes":""},"categories":[1],"tags":[],"class_list":["post-18560","post","type-post","status-publish","format-standard","has-post-thumbnail","hentry","category-allgemein","en-US"],"_links":{"self":[{"href":"https:\/\/www.neukoellneroper.de\/wp-json\/wp\/v2\/posts\/18560","targetHints":{"allow":["GET"]}}],"collection":[{"href":"https:\/\/www.neukoellneroper.de\/wp-json\/wp\/v2\/posts"}],"about":[{"href":"https:\/\/www.neukoellneroper.de\/wp-json\/wp\/v2\/types\/post"}],"author":[{"embeddable":true,"href":"https:\/\/www.neukoellneroper.de\/wp-json\/wp\/v2\/users\/14"}],"replies":[{"embeddable":true,"href":"https:\/\/www.neukoellneroper.de\/wp-json\/wp\/v2\/comments?post=18560"}],"version-history":[{"count":2,"href":"https:\/\/www.neukoellneroper.de\/wp-json\/wp\/v2\/posts\/18560\/revisions"}],"predecessor-version":[{"id":18562,"href":"https:\/\/www.neukoellneroper.de\/wp-json\/wp\/v2\/posts\/18560\/revisions\/18562"}],"wp:featuredmedia":[{"embeddable":true,"href":"https:\/\/www.neukoellneroper.de\/wp-json\/wp\/v2\/media\/18558"}],"wp:attachment":[{"href":"https:\/\/www.neukoellneroper.de\/wp-json\/wp\/v2\/media?parent=18560"}],"wp:term":[{"taxonomy":"category","embeddable":true,"href":"https:\/\/www.neukoellneroper.de\/wp-json\/wp\/v2\/categories?post=18560"},{"taxonomy":"post_tag","embeddable":true,"href":"https:\/\/www.neukoellneroper.de\/wp-json\/wp\/v2\/tags?post=18560"}],"curies":[{"name":"wp","href":"https:\/\/api.w.org\/{rel}","templated":true}]}}